{"id":1036,"date":"2025-08-23T15:06:26","date_gmt":"2025-08-23T15:06:26","guid":{"rendered":"https:\/\/breda.pro\/?p=1036"},"modified":"2025-09-18T00:32:06","modified_gmt":"2025-09-18T00:32:06","slug":"gran-final-de-la-cuarta-edicion-miss-haiti-en-chile","status":"publish","type":"post","link":"https:\/\/breda.pro\/?p=1036","title":{"rendered":"Gran Final de la Cuarta Edici\u00f3n Miss Hait\u00ed en Chile"},"content":{"rendered":"\n<p>As\u00ed fue la gran final de la Cuarta Edici\u00f3n Miss Hait\u00ed en Chile<br>Acomp\u00e1\u00f1anos en este resumen especial donde revivimos los mejores momentos de esta hermosa ceremonia.<br>Una producci\u00f3n de Breda Pro Network , celebrando lo mejor de nuestra Comunidad.<\/p>\n\n\n\n<figure class=\"wp-block-embed is-type-video is-provider-tiktok wp-block-embed-tiktok\"><div class=\"wp-block-embed__wrapper\">\n<blockquote class=\"tiktok-embed\" cite=\"https:\/\/www.tiktok.com\/@breda.pro\/video\/7504781024375704838\" data-video-id=\"7504781024375704838\" data-embed-from=\"oembed\" style=\"max-width:605px; min-width:325px;\"> <section> <a target=\"_blank\" title=\"@breda.pro\" href=\"https:\/\/www.tiktok.com\/@breda.pro?refer=embed\">@breda.pro<\/a> <p>As\u00ed fue la gran final de la Cuarta Edici\u00f3n Miss Haiti en Chile  Acomp\u00e1\u00f1anos en este resumen especial donde revivimos los mejores momentos de esta hermosa ceremonia. Una producci\u00f3n de Breda Pro Network  , celebrando lo mejor de nuestra Comunidad. bredapro bredapronetwork bredapro360 bredaprofoto<\/p> <a target=\"_blank\" title=\"\u266c original sound - Breda Pro Network - Breda Pro Network\" href=\"https:\/\/www.tiktok.com\/music\/original-sound-Breda-Pro-Network-7504781147411385143?refer=embed\" rel=\"noopener\">\u266c original sound &#8211; Breda Pro Network &#8211; Breda Pro Network<\/a> <\/section> <\/blockquote> <script async src=\"https:\/\/www.tiktok.com\/embed.js\"><\/script>\n<\/div><\/figure>\n","protected":false},"excerpt":{"rendered":"<p>As\u00ed fue la gran final de la Cuarta Edici\u00f3n Miss Hait\u00ed en ChileAcomp\u00e1\u00f1anos en este resumen especial donde revivimos los mejores momentos de esta hermosa ceremonia.Una producci\u00f3n de Breda Pro Network , celebrando lo mejor de nuestra Comunidad.<\/p>\n","protected":false},"author":1,"featured_media":1041,"comment_status":"closed","ping_status":"closed","sticky":false,"template":"","format":"standard","meta":{"footnotes":""},"categories":[1],"tags":[],"class_list":["post-1036","post","type-post","status-publish","format-standard","has-post-thumbnail","hentry","category-uncategorized"],"_links":{"self":[{"href":"https:\/\/breda.pro\/index.php?rest_route=\/wp\/v2\/posts\/1036","targetHints":{"allow":["GET"]}}],"collection":[{"href":"https:\/\/breda.pro\/index.php?rest_route=\/wp\/v2\/posts"}],"about":[{"href":"https:\/\/breda.pro\/index.php?rest_route=\/wp\/v2\/types\/post"}],"author":[{"embeddable":true,"href":"https:\/\/breda.pro\/index.php?rest_route=\/wp\/v2\/users\/1"}],"replies":[{"embeddable":true,"href":"https:\/\/breda.pro\/index.php?rest_route=%2Fwp%2Fv2%2Fcomments&post=1036"}],"version-history":[{"count":1,"href":"https:\/\/breda.pro\/index.php?rest_route=\/wp\/v2\/posts\/1036\/revisions"}],"predecessor-version":[{"id":1039,"href":"https:\/\/breda.pro\/index.php?rest_route=\/wp\/v2\/posts\/1036\/revisions\/1039"}],"wp:featuredmedia":[{"embeddable":true,"href":"https:\/\/breda.pro\/index.php?rest_route=\/wp\/v2\/media\/1041"}],"wp:attachment":[{"href":"https:\/\/breda.pro\/index.php?rest_route=%2Fwp%2Fv2%2Fmedia&parent=1036"}],"wp:term":[{"taxonomy":"category","embeddable":true,"href":"https:\/\/breda.pro\/index.php?rest_route=%2Fwp%2Fv2%2Fcategories&post=1036"},{"taxonomy":"post_tag","embeddable":true,"href":"https:\/\/breda.pro\/index.php?rest_route=%2Fwp%2Fv2%2Ftags&post=1036"}],"curies":[{"name":"wp","href":"https:\/\/api.w.org\/{rel}","templated":true}]}}