{"id":316,"date":"2024-11-27T00:00:37","date_gmt":"2024-11-27T00:00:37","guid":{"rendered":"https:\/\/breda.pro\/?p=316"},"modified":"2025-09-18T00:32:31","modified_gmt":"2025-09-18T00:32:31","slug":"deja-en-manos-de-breda-pro-tus-fotos-de-eventos-y-nosotros-nos-encargaremos-de-todo","status":"publish","type":"post","link":"https:\/\/breda.pro\/?p=316","title":{"rendered":"Deja en manos de Breda Pro tus fotos de eventos y nosotros nos encargaremos de todo"},"content":{"rendered":"<figure class=\"wp-block-image\"><img fetchpriority=\"high\" width=\"2560\" height=\"1696\" src=\"https:\/\/breda.pro\/wp-content\/uploads\/2024\/11\/person-holding-black-dslr-camera-scaled-1.jpg\" class=\"hts-content-image\" alt=\"person holding black dslr camera\" decoding=\"async\"><\/figure>\n\n<h2 class=\"wp-block-heading\">\u00bfPor qu\u00e9 elegir Breda Pro para tus eventos?<\/h2>\n\n<p>La elecci\u00f3n de un servicio de fotograf\u00eda para tus eventos es una decisi\u00f3n crucial que puede afectar la manera en que revivir\u00e1s esos momentos especiales. Breda Pro se destaca como una opci\u00f3n excepcional en este \u00e1mbito, gracias a su amplia experiencia y enfoque profesional. Con un equipo altamente capacitado, Breda Pro combina habilidades t\u00e9cnicas avanzadas con una sensibilidad est\u00e9tica que permite capturar cada emoci\u00f3n con precisi\u00f3n y creatividad. Este nivel de experiencia asegura que cada imagen no solo sea visualmente atractiva, sino que tambi\u00e9n cuente una historia significativa del evento.<\/p>\n\n<p>Los testimonios de clientes anteriores refuerzan la reputaci\u00f3n de Breda Pro en la fotograf\u00eda de eventos. Muchos han elogiado la capacidad del equipo no solo para anticipar momentos importantes, sino tambi\u00e9n por su discreci\u00f3n y profesionalismo durante el evento. Esto significa que, mientras disfrutas del evento, el equipo de Breda Pro est\u00e1 presente para documentar todo sin interrumpir el flujo natural de la celebraci\u00f3n. Los comentarios positivos resaltan la atenci\u00f3n al detalle y la predilecci\u00f3n por capturar la esencia de cada ocasi\u00f3n, lo que cada vez m\u00e1s personas aprecian al elegir un servicio de fotograf\u00eda.<\/p>\n\n<p>Breda Pro ofrece una gama diversificada de servicios que cubren desde bodas y fiestas privadas hasta conferencias y eventos corporativos. Cada tipo de evento es tratado con un enfoque personalizado, adapt\u00e1ndose a las necesidades y preferencias espec\u00edficas de los clientes. Esta flexibilidad es uno de los muchos motivos por los que tantos recurren a Breda Pro para sus proyectos fotogr\u00e1ficos. La profesionalidad del equipo y su compromiso con la satisfacci\u00f3n del cliente los convierten en una opci\u00f3n confiable y valiosa para la fotograf\u00eda de eventos, garantizando que tu experiencia sea memorable y sin preocupaciones.<\/p>\n\n<h2 class=\"wp-block-heading\">Nuestro proceso de trabajo<\/h2>\n\n<p>En Breda Pro, entendemos que cada evento es \u00fanico y que es fundamental atender las necesidades espec\u00edficas de nuestros clientes. Por ello, nuestro proceso de trabajo comienza con una consulta inicial. Durante esta etapa, nos reunimos con el cliente para discutir las expectativas, el estilo deseado y los detalles log\u00edsticos del evento. Este di\u00e1logo abierto nos permite comprender mejor la visi\u00f3n del cliente y nos ayuda a personalizar nuestro enfoque para garantizar que cada momento importante sea capturado de manera efectiva.<\/p>\n\n<p>Una vez definidas las expectativas, pasamos a la planificaci\u00f3n de la sesi\u00f3n fotogr\u00e1fica. Aqu\u00ed, nuestro equipo elabora un cronograma detallado que incluye los momentos clave que se deben fotografiar. Consideramos la ubicaci\u00f3n y el tipo de evento, y planificamos meticulosamente c\u00f3mo y cu\u00e1ndo capturar cada imagen. Esta fase es fundamental para asegurar que nada se pase por alto y que los recuerdos se preservedn de la manera m\u00e1s aut\u00e9ntica posible.<\/p>\n\n<p>Durante el evento, nuestro equipo trabaja discretamente, capturando momentos de manera espont\u00e1nea y natural. Nos aseguramos de estar en el lugar adecuado en el momento adecuado, utilizando t\u00e9cnicas fotogr\u00e1ficas avanzadas para obtener im\u00e1genes de alta calidad que cuenten la historia del evento. La atenci\u00f3n al detalle es crucial; estamos atentos a la emoci\u00f3n de los invitados, las interacciones significativas y la atm\u00f3sfera general para proporcionar al cliente una narraci\u00f3n visual completa.<\/p>\n\n<p>Una vez finalizado el evento, el proceso no termina. Nos encargamos de la edici\u00f3n de las im\u00e1genes, donde aplicamos t\u00e9cnicas de postprocesamiento para elevar la calidad de cada foto. Nuestro objetivo es ofrecer un producto final que no solo cumpla, sino que supere las expectativas del cliente. La entrega se realiza de manera r\u00e1pida y eficiente, proporcionando al cliente acceso a su galer\u00eda digital en un tiempo razonable, asegurando que cada imagen refleje la esencia del evento y los momentos m\u00e1s destacados.<\/p>\n\n<h2 class=\"wp-block-heading\">Beneficios de contar con fot\u00f3grafos profesionales<\/h2>\n\n<p>Contratar fot\u00f3grafos profesionales como Breda Pro para la cobertura de eventos presenta diversas ventajas significativas en comparaci\u00f3n con la utilizaci\u00f3n de dispositivos personales o amateurs. Uno de los mayores beneficios radica en la calidad de las im\u00e1genes capturadas. Los fot\u00f3grafos profesionales poseen una experiencia y conocimientos t\u00e9cnicos esenciales para manejar aspectos fundamentales como la composici\u00f3n, la iluminaci\u00f3n y el enfoque, lo que garantiza que cada toma refleje el momento de manera efectiva y art\u00edstica. Esto contrasta con las limitaciones de los dispositivos personales, que a menudo no pueden igualar la calidad de imagen que un equipo profesional puede ofrecer.<\/p>\n\n<p>El uso de equipo de alta gama tambi\u00e9n es un factor clave que debe destacarse. Breda Pro, al igual que otros fot\u00f3grafos profesionales, invierte en tecnolog\u00eda avanzada, que incluye c\u00e1maras de \u00faltima generaci\u00f3n, lentes especializados y accesorios que permiten capturar im\u00e1genes en diferentes condiciones de luz y situaciones complejas. Este tipo de inversi\u00f3n se traduce en una calidad superior que resalta cada detalle, desde las expresiones de los asistentes hasta los matices en el entorno, lo que resulta en recuerdos m\u00e1s v\u00edvidos y duraderos.<\/p>\n\n<p>Adem\u00e1s, la capacidad de los fot\u00f3grafos profesionales para capturar emociones y momentos significativos es una de sus principales fortalezas. Tienen el ojo entrenado para anticipar los instantes m\u00e1s importantes, desde las sonrisas genuinas hasta las l\u00e1grimas de alegr\u00eda. Seg\u00fan un estudio reciente, el 70% de las personas admite que las fotograf\u00edas profesionales aumentan la satisfacci\u00f3n con sus recuerdos, lo que subraya la importancia de invertir en un servicio de fotograf\u00eda confiable. Al dejar sus fotos de eventos en manos de Breda Pro, los clientes pueden estar seguros de que sus recuerdos ser\u00e1n preservados con la atenci\u00f3n y el profesionalismo que merecen.<\/p>\n\n<h2 class=\"wp-block-heading\">Testimonios y casos de \u00e9xito<\/h2>\n\n<p>A lo largo de los a\u00f1os, Breda Pro ha tenido el privilegio de trabajar con una amplia variedad de clientes en eventos significativos. Estos testimonios reflejan la satisfacci\u00f3n de nuestros clientes y el impacto positivo que nuestras fotograf\u00edas han tenido en sus momentos especiales. Por ejemplo, Mar\u00eda Gonz\u00e1lez, quien contrat\u00f3 nuestros servicios para su boda, expres\u00f3: \u00abLa atenci\u00f3n al detalle que Breda Pro mostr\u00f3 fue excepcional. Cada imagen captura la esencia de nuestro d\u00eda. No podr\u00edamos estar m\u00e1s felices con los resultados\u00bb. Esta afirmaci\u00f3n subraya la dedicaci\u00f3n que nuestro equipo pone en cada evento, asegur\u00e1ndose de que todas las emociones sean documentadas de manera precisa y art\u00edstico.<\/p>\n\n<p>Adem\u00e1s, contamos con el testimonio de Carlos y Laura, quienes nos eligieron para cubrir la inauguraci\u00f3n de su nuevo negocio. Ellos comentaron: \u00abBreda Pro no solo tom\u00f3 fotograf\u00edas, sino que tambi\u00e9n nos ayud\u00f3 a crear una narrativa visual potente para nuestra marca. Las im\u00e1genes han sido fundamentales para nuestra campa\u00f1a de marketing, y la calidad es insuperable\u00bb. Este caso ilustra c\u00f3mo nuestras habilidades en fotograf\u00eda de eventos pueden traducirse en beneficios tangibles para empresas, mejorando su presencia en el mercado.<\/p>\n\n<p>Por otro lado, tambi\u00e9n hemos trabajado en eventos corporativos, como la conferencia anual de una importante corporaci\u00f3n. En este caso, el cliente nos dijo: \u00abEl equipo de Breda Pro fue profesional y minucioso. Las fotograf\u00edas lograron captar la energ\u00eda y la profesionalidad del evento, lo cual fue crucial para nuestra comunicaci\u00f3n visual posterior\u00bb. Este testimonio refleja la adaptabilidad de nuestros servicios a diferentes tipos de eventos, asegurando que cada uno pueda ser documentado de acuerdo a sus objetivos espec\u00edficos.<\/p>\n\n<p>Estos testimonios no son solo palabras; son una prueba de la calidad y versatilidad de los servicios de fotograf\u00eda que ofrece Breda Pro. Las im\u00e1genes que acompa\u00f1an estas historias son testimonio visual de nuestro compromiso hacia nuestros clientes, lo que genera la confianza necesaria para aquellos que est\u00e1n considerando utilizar nuestros servicios.<\/p>","protected":false},"excerpt":{"rendered":"<p>\u00bfPor qu\u00e9 elegir Breda Pro para tus eventos? La elecci\u00f3n de un servicio de fotograf\u00eda para tus eventos es una decisi\u00f3n crucial que puede afectar la manera en que revivir\u00e1s esos momentos especiales. Breda Pro se destaca como una opci\u00f3n excepcional en este \u00e1mbito, gracias a su amplia experiencia y enfoque profesional. Con un equipo [&hellip;]<\/p>\n","protected":false},"author":1,"featured_media":314,"comment_status":"closed","ping_status":"closed","sticky":false,"template":"","format":"standard","meta":{"footnotes":""},"categories":[1],"tags":[9],"class_list":["post-316","post","type-post","status-publish","format-standard","has-post-thumbnail","hentry","category-uncategorized","tag-event-photography"],"_links":{"self":[{"href":"https:\/\/breda.pro\/index.php?rest_route=\/wp\/v2\/posts\/316","targetHints":{"allow":["GET"]}}],"collection":[{"href":"https:\/\/breda.pro\/index.php?rest_route=\/wp\/v2\/posts"}],"about":[{"href":"https:\/\/breda.pro\/index.php?rest_route=\/wp\/v2\/types\/post"}],"author":[{"embeddable":true,"href":"https:\/\/breda.pro\/index.php?rest_route=\/wp\/v2\/users\/1"}],"replies":[{"embeddable":true,"href":"https:\/\/breda.pro\/index.php?rest_route=%2Fwp%2Fv2%2Fcomments&post=316"}],"version-history":[{"count":1,"href":"https:\/\/breda.pro\/index.php?rest_route=\/wp\/v2\/posts\/316\/revisions"}],"predecessor-version":[{"id":322,"href":"https:\/\/breda.pro\/index.php?rest_route=\/wp\/v2\/posts\/316\/revisions\/322"}],"wp:featuredmedia":[{"embeddable":true,"href":"https:\/\/breda.pro\/index.php?rest_route=\/wp\/v2\/media\/314"}],"wp:attachment":[{"href":"https:\/\/breda.pro\/index.php?rest_route=%2Fwp%2Fv2%2Fmedia&parent=316"}],"wp:term":[{"taxonomy":"category","embeddable":true,"href":"https:\/\/breda.pro\/index.php?rest_route=%2Fwp%2Fv2%2Fcategories&post=316"},{"taxonomy":"post_tag","embeddable":true,"href":"https:\/\/breda.pro\/index.php?rest_route=%2Fwp%2Fv2%2Ftags&post=316"}],"curies":[{"name":"wp","href":"https:\/\/api.w.org\/{rel}","templated":true}]}}